{"id":9853,"date":"2026-04-28T19:54:04","date_gmt":"2026-04-28T19:54:04","guid":{"rendered":"https:\/\/www.web.doncicleto.com\/?post_type=noticia&#038;p=9853"},"modified":"2026-04-28T19:54:06","modified_gmt":"2026-04-28T19:54:06","slug":"subbetica-cicloturismo-don-cicleto","status":"publish","type":"noticia","link":"https:\/\/www.web.doncicleto.com\/it\/noticia\/subbetica-cicloturismo-don-cicleto\/","title":{"rendered":"La Subb\u00e9tica pone en marcha su red de bicihangares y servicios cicloturistas de la mano de Don Cicleto"},"content":{"rendered":"\n<p>La <a href=\"https:\/\/turismodelasubbetica.es\/\" target=\"_blank\" rel=\"noreferrer noopener\">Comarca de la Subb\u00e9tica<\/a> da un nuevo paso en su apuesta por el cicloturismo y la movilidad sostenible con la puesta en marcha de su <a href=\"https:\/\/turismodelasubbetica.es\/blogs\/la-mancomunidad-de-la-subbetica-continua-avanzando-en-su-plan-de-sostenibilidad-turistica-con-la-instalacion-de-bicihangares-y-estaciones-de-servicio-inteligentes\" target=\"_blank\" rel=\"noreferrer noopener\">nueva red de bicihangares y estaciones de servicio inteligentes<\/a> para bicicletas, una infraestructura conectada que refuerza la experiencia del cicloturista y consolida a la comarca como uno de los destinos de referencia en Andaluc\u00eda.<\/p>\n\n\n\n<p>Tras la presentaci\u00f3n de la estrategia \u201cConoce la Subb\u00e9tica a golpe de pedal\u201d en FITUR, el proyecto entra ahora en su fase operativa con actuaciones ya disponibles en el territorio: cuatro bicihangares, 14 estaciones de reparaci\u00f3n, inflado y recarga el\u00e9ctrica, y 14 puntos de lavado distribuidos en los 14 municipios de la comarca.<\/p>\n\n\n\n<p>La iniciativa forma parte del Plan de Sostenibilidad Tur\u00edstica en Destino (PSTD) y del Plan de Recuperaci\u00f3n, Transformaci\u00f3n y Resiliencia \u2013 Next Generation EU, con una inversi\u00f3n de 108.000 euros destinada a seguir impulsando un modelo de turismo m\u00e1s sostenible, digital y conectado.<\/p>\n\n\n\n<h2 class=\"wp-block-heading\">Bicihangares seguros en puntos estrat\u00e9gicos del territorio<\/h2>\n\n\n\n<p>El proyecto contempla la instalaci\u00f3n de cuatro bicihangares en los municipios de Lucena, Cabra, Do\u00f1a Menc\u00eda y Priego de C\u00f3rdoba.<\/p>\n\n\n\n<p>Dos de ellos se ubican en estaciones de la V\u00eda Verde del Aceite, mientras que los otros dos se encuentran en pleno casco urbano, facilitando tanto el uso tur\u00edstico como la movilidad cotidiana de residentes y visitantes.<\/p>\n\n\n\n<p>Estos m\u00f3dulos ofrecen un sistema de estacionamiento cerrado, seguro y accesible mediante control digital a trav\u00e9s de la aplicaci\u00f3n de Don Cicleto, permitiendo que los usuarios puedan dejar su bicicleta con total tranquilidad mientras disfrutan de la gastronom\u00eda local, visitan el patrimonio monumental o contin\u00faan su ruta por el territorio.<\/p>\n\n\n\n<p>Una soluci\u00f3n pensada no solo para proteger la bicicleta, sino para facilitar que el cicloturista permanezca m\u00e1s tiempo en destino y genere mayor impacto econ\u00f3mico en el comercio local.<\/p>\n\n\n\n<figure class=\"wp-block-image size-large\"><img fetchpriority=\"high\" decoding=\"async\" width=\"1024\" height=\"768\" src=\"https:\/\/www.web.doncicleto.com\/wp-content\/uploads\/2026\/04\/WhatsApp-Image-2026-03-23-at-18.47.42-1-1024x768.jpeg\" alt=\"\" class=\"wp-image-9868\" srcset=\"https:\/\/www.web.doncicleto.com\/wp-content\/uploads\/2026\/04\/WhatsApp-Image-2026-03-23-at-18.47.42-1-1024x768.jpeg 1024w, https:\/\/www.web.doncicleto.com\/wp-content\/uploads\/2026\/04\/WhatsApp-Image-2026-03-23-at-18.47.42-1-300x225.jpeg 300w, https:\/\/www.web.doncicleto.com\/wp-content\/uploads\/2026\/04\/WhatsApp-Image-2026-03-23-at-18.47.42-1-768x576.jpeg 768w, https:\/\/www.web.doncicleto.com\/wp-content\/uploads\/2026\/04\/WhatsApp-Image-2026-03-23-at-18.47.42-1-1536x1152.jpeg 1536w, https:\/\/www.web.doncicleto.com\/wp-content\/uploads\/2026\/04\/WhatsApp-Image-2026-03-23-at-18.47.42-1-600x450.jpeg 600w, https:\/\/www.web.doncicleto.com\/wp-content\/uploads\/2026\/04\/WhatsApp-Image-2026-03-23-at-18.47.42-1.jpeg 2048w\" sizes=\"(max-width: 1024px) 100vw, 1024px\" \/><\/figure>\n\n\n\n<h2 class=\"wp-block-heading\">Estaciones de reparaci\u00f3n, recarga y lavado para una experiencia completa<\/h2>\n\n\n\n<p>La red se completa con 14 estaciones de reparaci\u00f3n, inflado y recarga el\u00e9ctrica, as\u00ed como otros 14 puntos de lavado distribuidos en todos los municipios de la Subb\u00e9tica.<\/p>\n\n\n\n<p>Estas estaciones permiten resolver incidencias mec\u00e1nicas, lavar, recargar bicicletas el\u00e9ctricas y mantener el equipamiento en buenas condiciones durante toda la ruta.<\/p>\n\n\n\n<p>Se trata de un servicio clave para el cicloturismo moderno, especialmente en destinos de naturaleza y media distancia, donde la autonom\u00eda y la seguridad del ciclista son fundamentales para la experiencia de viaje.<\/p>\n\n\n\n<p>Con esta infraestructura, cualquier usuario dispone de asistencia t\u00e9cnica gratuita en cualquier punto de la comarca.<\/p>\n\n\n\n<figure class=\"wp-block-gallery has-nested-images columns-default is-cropped wp-block-gallery-1 is-layout-flex wp-block-gallery-is-layout-flex\">\n<figure class=\"wp-block-image size-large\"><img decoding=\"async\" width=\"1024\" height=\"683\" data-id=\"9854\" src=\"https:\/\/www.web.doncicleto.com\/wp-content\/uploads\/2026\/04\/Dona-Mencia-34-1024x683.jpg\" alt=\"\" class=\"wp-image-9854\" srcset=\"https:\/\/www.web.doncicleto.com\/wp-content\/uploads\/2026\/04\/Dona-Mencia-34-1024x683.jpg 1024w, https:\/\/www.web.doncicleto.com\/wp-content\/uploads\/2026\/04\/Dona-Mencia-34-300x200.jpg 300w, https:\/\/www.web.doncicleto.com\/wp-content\/uploads\/2026\/04\/Dona-Mencia-34-768x512.jpg 768w, https:\/\/www.web.doncicleto.com\/wp-content\/uploads\/2026\/04\/Dona-Mencia-34-1536x1024.jpg 1536w, https:\/\/www.web.doncicleto.com\/wp-content\/uploads\/2026\/04\/Dona-Mencia-34-2048x1365.jpg 2048w, https:\/\/www.web.doncicleto.com\/wp-content\/uploads\/2026\/04\/Dona-Mencia-34-600x400.jpg 600w\" sizes=\"(max-width: 1024px) 100vw, 1024px\" \/><\/figure>\n\n\n\n<figure class=\"wp-block-image size-large\"><img decoding=\"async\" width=\"1024\" height=\"576\" data-id=\"9861\" src=\"https:\/\/www.web.doncicleto.com\/wp-content\/uploads\/2026\/04\/WhatsApp-Image-2026-03-22-at-20.24.33-2-1024x576.jpeg\" alt=\"\" class=\"wp-image-9861\" srcset=\"https:\/\/www.web.doncicleto.com\/wp-content\/uploads\/2026\/04\/WhatsApp-Image-2026-03-22-at-20.24.33-2-1024x576.jpeg 1024w, https:\/\/www.web.doncicleto.com\/wp-content\/uploads\/2026\/04\/WhatsApp-Image-2026-03-22-at-20.24.33-2-300x169.jpeg 300w, https:\/\/www.web.doncicleto.com\/wp-content\/uploads\/2026\/04\/WhatsApp-Image-2026-03-22-at-20.24.33-2-768x432.jpeg 768w, https:\/\/www.web.doncicleto.com\/wp-content\/uploads\/2026\/04\/WhatsApp-Image-2026-03-22-at-20.24.33-2-1536x864.jpeg 1536w, https:\/\/www.web.doncicleto.com\/wp-content\/uploads\/2026\/04\/WhatsApp-Image-2026-03-22-at-20.24.33-2-600x338.jpeg 600w, https:\/\/www.web.doncicleto.com\/wp-content\/uploads\/2026\/04\/WhatsApp-Image-2026-03-22-at-20.24.33-2.jpeg 1600w\" sizes=\"(max-width: 1024px) 100vw, 1024px\" \/><\/figure>\n\n\n\n<figure class=\"wp-block-image size-large\"><img loading=\"lazy\" decoding=\"async\" width=\"1024\" height=\"576\" data-id=\"9875\" src=\"https:\/\/www.web.doncicleto.com\/wp-content\/uploads\/2026\/04\/WhatsApp-Image-2026-03-25-at-13.09.53-1024x576.jpeg\" alt=\"\" class=\"wp-image-9875\" srcset=\"https:\/\/www.web.doncicleto.com\/wp-content\/uploads\/2026\/04\/WhatsApp-Image-2026-03-25-at-13.09.53-1024x576.jpeg 1024w, https:\/\/www.web.doncicleto.com\/wp-content\/uploads\/2026\/04\/WhatsApp-Image-2026-03-25-at-13.09.53-300x169.jpeg 300w, https:\/\/www.web.doncicleto.com\/wp-content\/uploads\/2026\/04\/WhatsApp-Image-2026-03-25-at-13.09.53-768x432.jpeg 768w, https:\/\/www.web.doncicleto.com\/wp-content\/uploads\/2026\/04\/WhatsApp-Image-2026-03-25-at-13.09.53-1536x864.jpeg 1536w, https:\/\/www.web.doncicleto.com\/wp-content\/uploads\/2026\/04\/WhatsApp-Image-2026-03-25-at-13.09.53-600x338.jpeg 600w, https:\/\/www.web.doncicleto.com\/wp-content\/uploads\/2026\/04\/WhatsApp-Image-2026-03-25-at-13.09.53.jpeg 1600w\" sizes=\"(max-width: 1024px) 100vw, 1024px\" \/><\/figure>\n<\/figure>\n\n\n\n<h2 class=\"wp-block-heading\">Tecnolog\u00eda para una experiencia cicloturista conectada<\/h2>\n\n\n\n<p>M\u00e1s all\u00e1 de la infraestructura f\u00edsica, el proyecto incorpora una capa tecnol\u00f3gica que convierte a la Subb\u00e9tica en un destino cicloturista inteligente.<\/p>\n\n\n\n<p>El acceso a los bicihangares se realiza a trav\u00e9s de la <a href=\"https:\/\/www.web.doncicleto.com\/noticia\/la-app-de-don-cicleto-paso-a-paso\/\">app de Don Cicleto<\/a>, desde la que los usuarios pueden gestionar el estacionamiento de forma segura y sencilla, sin necesidad de llaves f\u00edsicas ni procesos complejos.<\/p>\n\n\n\n<p>Adem\u00e1s, la siguiente fase del proyecto contempla el lanzamiento de la app Bike Subb\u00e9tica, una plataforma que permitir\u00e1 consultar rutas, servicios especializados y mapas interactivos que conectar\u00e1n la V\u00eda Verde del Aceite con almazaras, bodegas y recursos de ecoturismo de toda la comarca.<\/p>\n\n\n\n<p>Esta integraci\u00f3n entre infraestructura f\u00edsica y gesti\u00f3n digital permitir\u00e1 ofrecer una experiencia mucho m\u00e1s conectada, intuitiva y alineada con las nuevas demandas del turismo sostenible.<\/p>\n\n\n\n<h2 class=\"wp-block-heading\">Don Cicleto, aliado de los destinos que apuestan por la bicicleta<\/h2>\n\n\n\n<p>Desde Don Cicleto llevamos m\u00e1s de una d\u00e9cada colaborando con administraciones p\u00fablicas para dise\u00f1ar, desplegar y gestionar <a href=\"https:\/\/www.web.doncicleto.com\/cicloturismo\/\">infraestructuras ciclistas y cicloturistas<\/a> que mejoran la movilidad y transforman el territorio.<\/p>\n\n\n\n<p>Proyectos como el de la Subb\u00e9tica demuestran que la combinaci\u00f3n de infraestructura segura, tecnolog\u00eda y visi\u00f3n estrat\u00e9gica permite convertir el cicloturismo en un verdadero motor de desarrollo local.<\/p>\n\n\n\n<p>No se trata solo de instalar aparcamientos o estaciones de servicio, sino de crear destinos m\u00e1s conectados, accesibles y sostenibles, donde la bicicleta se convierte en una forma real de descubrir el territorio y generar nuevas oportunidades para municipios, empresas y visitantes.<\/p>\n\n\n\n<p>En definitiva, una inversi\u00f3n estrat\u00e9gica en movilidad, turismo y futuro.<\/p>\n","protected":false},"excerpt":{"rendered":"<p>La Comarca de la Subb\u00e9tica da un nuevo paso en su apuesta por el cicloturismo y la movilidad sostenible con la puesta en marcha de su nueva red de bicihangares y estaciones de servicio inteligentes para bicicletas, una infraestructura conectada que refuerza la experiencia del cicloturista y consolida a la comarca como uno de los destinos de referencia en Andaluc\u00eda.<\/p>\n<p>El proyecto entra ahora en su fase operativa con actuaciones ya disponibles en el territorio: cuatro bicihangares, 14 estaciones de reparaci\u00f3n, inflado y recarga el\u00e9ctrica, y 14 puntos de lavado distribuidos en los 14 municipios de la comarca.<\/p>\n","protected":false},"featured_media":9882,"template":"","meta":{"_acf_changed":false,"_links_to":"","_links_to_target":""},"categories":[83,122,85],"tags":[],"class_list":["post-9853","noticia","type-noticia","status-publish","has-post-thumbnail","hentry","category-bicihangar","category-cicloturismo","category-noticias"],"acf":[],"yoast_head":"<!-- This site is optimized with the Yoast SEO plugin v26.9 - https:\/\/yoast.com\/product\/yoast-seo-wordpress\/ -->\n<title>La Subb\u00e9tica impulsa el cicloturismo con Don Cicleto<\/title>\n<meta name=\"description\" content=\"La Subb\u00e9tica refuerza su apuesta por el cicloturismo con bicihangares, estaciones de reparaci\u00f3n, recarga y lavado impulsadas por Don Cicleto\" \/>\n<meta name=\"robots\" content=\"index, follow, max-snippet:-1, max-image-preview:large, max-video-preview:-1\" \/>\n<link rel=\"canonical\" href=\"https:\/\/www.web.doncicleto.com\/it\/noticia\/subbetica-cicloturismo-don-cicleto\/\" \/>\n<meta property=\"og:locale\" content=\"it_IT\" \/>\n<meta property=\"og:type\" content=\"article\" \/>\n<meta property=\"og:title\" content=\"La Subb\u00e9tica impulsa el cicloturismo con Don Cicleto\" \/>\n<meta property=\"og:description\" content=\"La Subb\u00e9tica refuerza su apuesta por el cicloturismo con bicihangares, estaciones de reparaci\u00f3n, recarga y lavado impulsadas por Don Cicleto\" \/>\n<meta property=\"og:url\" content=\"https:\/\/www.web.doncicleto.com\/it\/noticia\/subbetica-cicloturismo-don-cicleto\/\" \/>\n<meta property=\"og:site_name\" content=\"Don Cicleto\" \/>\n<meta property=\"article:modified_time\" content=\"2026-04-28T19:54:06+00:00\" \/>\n<meta property=\"og:image\" content=\"https:\/\/www.web.doncicleto.com\/wp-content\/uploads\/2026\/04\/WhatsApp-Image-2026-03-31-at-20.20.36.jpeg\" \/>\n\t<meta property=\"og:image:width\" content=\"1600\" \/>\n\t<meta property=\"og:image:height\" content=\"900\" \/>\n\t<meta property=\"og:image:type\" content=\"image\/jpeg\" \/>\n<meta name=\"twitter:card\" content=\"summary_large_image\" \/>\n<meta name=\"twitter:label1\" content=\"Est. reading time\" \/>\n\t<meta name=\"twitter:data1\" content=\"5 minutes\" \/>\n<script type=\"application\/ld+json\" class=\"yoast-schema-graph\">{\"@context\":\"https:\/\/schema.org\",\"@graph\":[{\"@type\":\"WebPage\",\"@id\":\"https:\/\/www.web.doncicleto.com\/it\/noticia\/subbetica-cicloturismo-don-cicleto\/\",\"url\":\"https:\/\/www.web.doncicleto.com\/it\/noticia\/subbetica-cicloturismo-don-cicleto\/\",\"name\":\"La Subb\u00e9tica impulsa el cicloturismo con Don Cicleto\",\"isPartOf\":{\"@id\":\"https:\/\/www.web.doncicleto.com\/it\/#website\"},\"primaryImageOfPage\":{\"@id\":\"https:\/\/www.web.doncicleto.com\/it\/noticia\/subbetica-cicloturismo-don-cicleto\/#primaryimage\"},\"image\":{\"@id\":\"https:\/\/www.web.doncicleto.com\/it\/noticia\/subbetica-cicloturismo-don-cicleto\/#primaryimage\"},\"thumbnailUrl\":\"https:\/\/www.web.doncicleto.com\/wp-content\/uploads\/2026\/04\/WhatsApp-Image-2026-03-31-at-20.20.36.jpeg\",\"datePublished\":\"2026-04-28T19:54:04+00:00\",\"dateModified\":\"2026-04-28T19:54:06+00:00\",\"description\":\"La Subb\u00e9tica refuerza su apuesta por el cicloturismo con bicihangares, estaciones de reparaci\u00f3n, recarga y lavado impulsadas por Don Cicleto\",\"breadcrumb\":{\"@id\":\"https:\/\/www.web.doncicleto.com\/it\/noticia\/subbetica-cicloturismo-don-cicleto\/#breadcrumb\"},\"inLanguage\":\"it-IT\",\"potentialAction\":[{\"@type\":\"ReadAction\",\"target\":[\"https:\/\/www.web.doncicleto.com\/it\/noticia\/subbetica-cicloturismo-don-cicleto\/\"]}]},{\"@type\":\"ImageObject\",\"inLanguage\":\"it-IT\",\"@id\":\"https:\/\/www.web.doncicleto.com\/it\/noticia\/subbetica-cicloturismo-don-cicleto\/#primaryimage\",\"url\":\"https:\/\/www.web.doncicleto.com\/wp-content\/uploads\/2026\/04\/WhatsApp-Image-2026-03-31-at-20.20.36.jpeg\",\"contentUrl\":\"https:\/\/www.web.doncicleto.com\/wp-content\/uploads\/2026\/04\/WhatsApp-Image-2026-03-31-at-20.20.36.jpeg\",\"width\":1600,\"height\":900},{\"@type\":\"BreadcrumbList\",\"@id\":\"https:\/\/www.web.doncicleto.com\/it\/noticia\/subbetica-cicloturismo-don-cicleto\/#breadcrumb\",\"itemListElement\":[{\"@type\":\"ListItem\",\"position\":1,\"name\":\"Home\",\"item\":\"https:\/\/www.web.doncicleto.com\/it\/\"},{\"@type\":\"ListItem\",\"position\":2,\"name\":\"Noticias\",\"item\":\"https:\/\/www.web.doncicleto.com\/it\/noticia\/\"},{\"@type\":\"ListItem\",\"position\":3,\"name\":\"La Subb\u00e9tica pone en marcha su red de bicihangares y servicios cicloturistas de la mano de Don Cicleto\"}]},{\"@type\":\"WebSite\",\"@id\":\"https:\/\/www.web.doncicleto.com\/it\/#website\",\"url\":\"https:\/\/www.web.doncicleto.com\/it\/\",\"name\":\"Don Cicleto\",\"description\":\"\",\"publisher\":{\"@id\":\"https:\/\/www.web.doncicleto.com\/it\/#organization\"},\"potentialAction\":[{\"@type\":\"SearchAction\",\"target\":{\"@type\":\"EntryPoint\",\"urlTemplate\":\"https:\/\/www.web.doncicleto.com\/it\/?s={search_term_string}\"},\"query-input\":{\"@type\":\"PropertyValueSpecification\",\"valueRequired\":true,\"valueName\":\"search_term_string\"}}],\"inLanguage\":\"it-IT\"},{\"@type\":\"Organization\",\"@id\":\"https:\/\/www.web.doncicleto.com\/it\/#organization\",\"name\":\"Don Cicleto\",\"url\":\"https:\/\/www.web.doncicleto.com\/it\/\",\"logo\":{\"@type\":\"ImageObject\",\"inLanguage\":\"it-IT\",\"@id\":\"https:\/\/www.web.doncicleto.com\/it\/#\/schema\/logo\/image\/\",\"url\":\"https:\/\/www.web.doncicleto.com\/wp-content\/uploads\/2023\/06\/Don-Cicleto-logo-txt.svg\",\"contentUrl\":\"https:\/\/www.web.doncicleto.com\/wp-content\/uploads\/2023\/06\/Don-Cicleto-logo-txt.svg\",\"width\":132,\"height\":32,\"caption\":\"Don Cicleto\"},\"image\":{\"@id\":\"https:\/\/www.web.doncicleto.com\/it\/#\/schema\/logo\/image\/\"}}]}<\/script>\n<!-- \/ Yoast SEO plugin. -->","yoast_head_json":{"title":"La Subb\u00e9tica impulsa el cicloturismo con Don Cicleto","description":"La Subb\u00e9tica refuerza su apuesta por el cicloturismo con bicihangares, estaciones de reparaci\u00f3n, recarga y lavado impulsadas por Don Cicleto","robots":{"index":"index","follow":"follow","max-snippet":"max-snippet:-1","max-image-preview":"max-image-preview:large","max-video-preview":"max-video-preview:-1"},"canonical":"https:\/\/www.web.doncicleto.com\/it\/noticia\/subbetica-cicloturismo-don-cicleto\/","og_locale":"it_IT","og_type":"article","og_title":"La Subb\u00e9tica impulsa el cicloturismo con Don Cicleto","og_description":"La Subb\u00e9tica refuerza su apuesta por el cicloturismo con bicihangares, estaciones de reparaci\u00f3n, recarga y lavado impulsadas por Don Cicleto","og_url":"https:\/\/www.web.doncicleto.com\/it\/noticia\/subbetica-cicloturismo-don-cicleto\/","og_site_name":"Don Cicleto","article_modified_time":"2026-04-28T19:54:06+00:00","og_image":[{"width":1600,"height":900,"url":"https:\/\/www.web.doncicleto.com\/wp-content\/uploads\/2026\/04\/WhatsApp-Image-2026-03-31-at-20.20.36.jpeg","type":"image\/jpeg"}],"twitter_card":"summary_large_image","twitter_misc":{"Est. reading time":"5 minutes"},"schema":{"@context":"https:\/\/schema.org","@graph":[{"@type":"WebPage","@id":"https:\/\/www.web.doncicleto.com\/it\/noticia\/subbetica-cicloturismo-don-cicleto\/","url":"https:\/\/www.web.doncicleto.com\/it\/noticia\/subbetica-cicloturismo-don-cicleto\/","name":"La Subb\u00e9tica impulsa el cicloturismo con Don Cicleto","isPartOf":{"@id":"https:\/\/www.web.doncicleto.com\/it\/#website"},"primaryImageOfPage":{"@id":"https:\/\/www.web.doncicleto.com\/it\/noticia\/subbetica-cicloturismo-don-cicleto\/#primaryimage"},"image":{"@id":"https:\/\/www.web.doncicleto.com\/it\/noticia\/subbetica-cicloturismo-don-cicleto\/#primaryimage"},"thumbnailUrl":"https:\/\/www.web.doncicleto.com\/wp-content\/uploads\/2026\/04\/WhatsApp-Image-2026-03-31-at-20.20.36.jpeg","datePublished":"2026-04-28T19:54:04+00:00","dateModified":"2026-04-28T19:54:06+00:00","description":"La Subb\u00e9tica refuerza su apuesta por el cicloturismo con bicihangares, estaciones de reparaci\u00f3n, recarga y lavado impulsadas por Don Cicleto","breadcrumb":{"@id":"https:\/\/www.web.doncicleto.com\/it\/noticia\/subbetica-cicloturismo-don-cicleto\/#breadcrumb"},"inLanguage":"it-IT","potentialAction":[{"@type":"ReadAction","target":["https:\/\/www.web.doncicleto.com\/it\/noticia\/subbetica-cicloturismo-don-cicleto\/"]}]},{"@type":"ImageObject","inLanguage":"it-IT","@id":"https:\/\/www.web.doncicleto.com\/it\/noticia\/subbetica-cicloturismo-don-cicleto\/#primaryimage","url":"https:\/\/www.web.doncicleto.com\/wp-content\/uploads\/2026\/04\/WhatsApp-Image-2026-03-31-at-20.20.36.jpeg","contentUrl":"https:\/\/www.web.doncicleto.com\/wp-content\/uploads\/2026\/04\/WhatsApp-Image-2026-03-31-at-20.20.36.jpeg","width":1600,"height":900},{"@type":"BreadcrumbList","@id":"https:\/\/www.web.doncicleto.com\/it\/noticia\/subbetica-cicloturismo-don-cicleto\/#breadcrumb","itemListElement":[{"@type":"ListItem","position":1,"name":"Home","item":"https:\/\/www.web.doncicleto.com\/it\/"},{"@type":"ListItem","position":2,"name":"Noticias","item":"https:\/\/www.web.doncicleto.com\/it\/noticia\/"},{"@type":"ListItem","position":3,"name":"La Subb\u00e9tica pone en marcha su red de bicihangares y servicios cicloturistas de la mano de Don Cicleto"}]},{"@type":"WebSite","@id":"https:\/\/www.web.doncicleto.com\/it\/#website","url":"https:\/\/www.web.doncicleto.com\/it\/","name":"Don Cicleto","description":"","publisher":{"@id":"https:\/\/www.web.doncicleto.com\/it\/#organization"},"potentialAction":[{"@type":"SearchAction","target":{"@type":"EntryPoint","urlTemplate":"https:\/\/www.web.doncicleto.com\/it\/?s={search_term_string}"},"query-input":{"@type":"PropertyValueSpecification","valueRequired":true,"valueName":"search_term_string"}}],"inLanguage":"it-IT"},{"@type":"Organization","@id":"https:\/\/www.web.doncicleto.com\/it\/#organization","name":"Don Cicleto","url":"https:\/\/www.web.doncicleto.com\/it\/","logo":{"@type":"ImageObject","inLanguage":"it-IT","@id":"https:\/\/www.web.doncicleto.com\/it\/#\/schema\/logo\/image\/","url":"https:\/\/www.web.doncicleto.com\/wp-content\/uploads\/2023\/06\/Don-Cicleto-logo-txt.svg","contentUrl":"https:\/\/www.web.doncicleto.com\/wp-content\/uploads\/2023\/06\/Don-Cicleto-logo-txt.svg","width":132,"height":32,"caption":"Don Cicleto"},"image":{"@id":"https:\/\/www.web.doncicleto.com\/it\/#\/schema\/logo\/image\/"}}]}},"_links":{"self":[{"href":"https:\/\/www.web.doncicleto.com\/it\/wp-json\/wp\/v2\/noticia\/9853","targetHints":{"allow":["GET"]}}],"collection":[{"href":"https:\/\/www.web.doncicleto.com\/it\/wp-json\/wp\/v2\/noticia"}],"about":[{"href":"https:\/\/www.web.doncicleto.com\/it\/wp-json\/wp\/v2\/types\/noticia"}],"wp:featuredmedia":[{"embeddable":true,"href":"https:\/\/www.web.doncicleto.com\/it\/wp-json\/wp\/v2\/media\/9882"}],"wp:attachment":[{"href":"https:\/\/www.web.doncicleto.com\/it\/wp-json\/wp\/v2\/media?parent=9853"}],"wp:term":[{"taxonomy":"category","embeddable":true,"href":"https:\/\/www.web.doncicleto.com\/it\/wp-json\/wp\/v2\/categories?post=9853"},{"taxonomy":"post_tag","embeddable":true,"href":"https:\/\/www.web.doncicleto.com\/it\/wp-json\/wp\/v2\/tags?post=9853"}],"curies":[{"name":"wp","href":"https:\/\/api.w.org\/{rel}","templated":true}]}}